{"id":1912,"date":"2021-06-27T07:39:38","date_gmt":"2021-06-27T07:39:38","guid":{"rendered":"https:\/\/spitaldinkelscherben.de\/?p=1912"},"modified":"2021-06-27T13:14:32","modified_gmt":"2021-06-27T13:14:32","slug":"100-000-e-fuer-die-sanierung-des-hospitals","status":"publish","type":"post","link":"http:\/\/spitaldinkelscherben.de\/?p=1912","title":{"rendered":"100.000 \u20ac f\u00fcr die Sanierung des Hospitals"},"content":{"rendered":"\n<p>Am 30.06.2019 h\u00e4tte das Hospital in Dinkelscherben seinen letzten Betriebstag gehabt, wenn es nach dem Willen des ehemaligen Verwaltungsausschusses der Hospitalstiftung gegangen w\u00e4re. Doch die B\u00fcrger des Ortes protestierten erfolgreich gegen die geplante Schlie\u00dfung und alles kam anders als geplant. Es folgte eine Neubesetzung der Stiftung sowie eine gro\u00dfe Solidarisierung der Bev\u00f6lkerung zum Erhalt des zentralen Altenheimes. Davon sprach nun auch knapp zwei Jahre sp\u00e4ter, am Donnerstag, 24.06., der stellvertretende Landrat Michael Higl (CSU). \u201eEin absolutes Vorzeigeprojekt im Landkreis Augsburg\u201c, sei es, was in Dinkelscherben passierte. Dass die Erhaltung des Seniorenheims funktioniere liege an den B\u00fcrgern.<\/p>\n\n\n\n<p>Nicht wegzudenken ist hierbei der F\u00f6rderverein B\u00fcndnis Hospital Dinkelscherben-Zusmarshausen e.V., der mittlerweile knapp 1.300 Mitglieder aus dem ganzen Landkreis z\u00e4hlt und vor allem mit einigen seinen au\u00dferordentlich tatkr\u00e4ftigen Mitgliedern in allen Belangen in den beiden Seniorenheimen in Dinkelscherben und Zusmarshausen mit anpackt. Doch auch finanziell tr\u00e4gt der Verein zum Gelingen und den vielen anstehenden Bauarbeiten bei. So konnte Vorsitzender Josef Guggemos k\u00fcrzlich eine Spende in H\u00f6he von 100.000 Euro an die Hospitalstiftung, vertreten durch den Vorsitzenden Edgar Kalb und seinen Stellvertreter Bernhard Uhl, \u00fcbergeben. Martin Haslinger, Hermann Scherer und Karl Rau von der Raiffeisenbank Augsburger Land West sowie Armin Nuffer von der wipfler fenster + fassaden gmbh, legten einen Scheck von 10.000 bzw. 1.000 Euro oben drauf. Ein paar Tage zuvor konnte die Firma Hieber bereits ebenfalls 10.000 Euro an Spendengelder \u00fcbergeben. \u201eDer Einsatz f\u00fcr den Erhalt des Hauses in Dinkelscherben aus dem Jahre 1605 f\u00fcr die Senioren, f\u00fcr die&nbsp; Zukunft und auf lange Sicht, haben die Firma Hieber dazu bewogen, das Spital bereits zum zweiten Mal mit einer Spende von 10.000 Euro zu unterst\u00fctzen\u201c, hie\u00df es von Seiten der Gesch\u00e4ftsleitung. Weiterhin hat sich an dem Nachmittag der Spenden\u00fcbergabe Manuel St\u00f6ckle von der Allianz-Generalvertretung St\u00f6ckle &amp; Weindel OHG, Gesch\u00e4ftsstelle Zusmarshausen, gleich noch bereit erkl\u00e4rt, die EDV beider Heime zu unterst\u00fctzen, indem er einige Laptops den Heimen zur Verf\u00fcgung stellen wird.<\/p>\n\n\n\n<p>Die Unterst\u00fctzung und das Geld werden bei zahlreichen anstehenden Bauarbeiten auch gut gebraucht. So habe k\u00fcrzlich n\u00e4mlich die Sanierung des Geb\u00e4udeteils C begonnen. Der Block wurde von ehrenamtlichen Helfern bereits entr\u00fcmpelt und weitgehend entkernt. Auch dank des Einsatzes des Landtagsabgeordneten Fabian Mehring (FW), der zur feierlichen Spenden\u00fcbergabe von Bundestagskandidatin Marina Jakob vertreten wurde, und der Sozialministerin Carolina Trautner (CSU) konnte hierf\u00fcr eine staatliche F\u00f6rderung in H\u00f6he von 1,4 Mio. &nbsp;Euro gesichert werden. Mit dem Geld sollen insgesamt zw\u00f6lf Zimmer bedarfsgerecht saniert werden. Dies bedeutet, dass unter anderem die B\u00e4der vergr\u00f6\u00dfert und Rollstuhlgerecht gestaltet und die T\u00fcren verbreitert werden, sodass auch Betten durchgeschoben werden k\u00f6nnen. Ebenso stehe eine hellere und freundlichere Gestaltung der Flure sowie Sozialr\u00e4ume und Umkleiden f\u00fcr die Mitarbeiter an. Die Dinkelscherber Heimleiterin Katrin Stark rechnet Ende 2022 mit der Fertigstellung der Bauarbeiten.<\/p>\n\n\n\n<div class=\"alignnormal\"><div id=\"metaslider-id-1932\" style=\"width: 100%;\" class=\"ml-slider-3-108-0 metaslider metaslider-responsive metaslider-1932 ml-slider has-dots-nav ms-theme-default\" role=\"region\" aria-label=\"Ehrenamtspreistr\u00e4ger 2021 im Bezirk Schwaben\" data-height=\"667\" data-width=\"1000\">\n    <div id=\"metaslider_container_1932\">\n        <ul id='metaslider_1932' class='rslides'>\n            <li aria-roledescription='slide' aria-labelledby='slide-0'><img loading=\"lazy\" decoding=\"async\" src=\"https:\/\/spitaldinkelscherben.de\/wp-content\/uploads\/2021\/10\/Preistraeger_Stark-Kalb-Gugg_-und-Frau-Stier-3-scaled-1000x667.jpg\" height=\"667\" width=\"1000\" alt=\"\" class=\"slider-1932 slide-1995 msDefaultImage\" title=\"Preistr\u00e4ger_Stark-Kalb-Gugg_ und Frau Stier-3\" \/><\/li>\n            <li style='display: none;' aria-roledescription='slide' aria-labelledby='slide-1'><img loading=\"lazy\" decoding=\"async\" src=\"https:\/\/spitaldinkelscherben.de\/wp-content\/uploads\/2021\/10\/Preisverleihung-1000x667.jpg\" height=\"667\" width=\"1000\" alt=\"\" class=\"slider-1932 slide-1996 msDefaultImage\" title=\"Preisverleihung\" \/><\/li>\n            <li style='display: none;' aria-roledescription='slide' aria-labelledby='slide-2'><img loading=\"lazy\" decoding=\"async\" src=\"https:\/\/spitaldinkelscherben.de\/wp-content\/uploads\/2021\/10\/Preisverleihung_3-320x213.jpg\" height=\"667\" width=\"1000\" alt=\"\" class=\"slider-1932 slide-1997 msDefaultImage\" title=\"Preisverleihung_3\" \/><\/li>\n            <li style='display: none;' aria-roledescription='slide' aria-labelledby='slide-3'><img loading=\"lazy\" decoding=\"async\" src=\"https:\/\/spitaldinkelscherben.de\/wp-content\/uploads\/2021\/10\/Preistraeger_Stark-Kalb-Gugg_-und-Frau-Stier-scaled-1000x667.jpg\" height=\"667\" width=\"1000\" alt=\"\" class=\"slider-1932 slide-1998 msDefaultImage\" title=\"Preistr\u00e4ger_Stark-Kalb-Gugg_ und Frau Stier\" \/><\/li>\n            <li style='display: none;' aria-roledescription='slide' aria-labelledby='slide-4'><img loading=\"lazy\" decoding=\"async\" src=\"https:\/\/spitaldinkelscherben.de\/wp-content\/uploads\/2021\/10\/BuendnisMitglieder-und-Preis-scaled-1000x667.jpg\" height=\"667\" width=\"1000\" alt=\"\" class=\"slider-1932 slide-1999 msDefaultImage\" title=\"B\u00fcndnisMitglieder und Preis\" \/><\/li>\n        <\/ul>\n        \n    <\/div>\n<\/div><\/div>\n","protected":false},"excerpt":{"rendered":"<p>Am 30.06.2019 h\u00e4tte das Hospital in Dinkelscherben seinen letzten Betriebstag gehabt, wenn es nach dem Willen des ehemaligen Verwaltungsausschusses der Hospitalstiftung gegangen w\u00e4re. Doch die B\u00fcrger des Ortes protestierten erfolgreich gegen die geplante Schlie\u00dfung und alles kam anders als geplant.&hellip;<\/p>\n","protected":false},"author":1,"featured_media":1919,"comment_status":"closed","ping_status":"closed","sticky":false,"template":"","format":"standard","meta":{"footnotes":""},"categories":[45,41],"tags":[],"class_list":["post-1912","post","type-post","status-publish","format-standard","has-post-thumbnail","hentry","category-fotos","category-neuigkeiten-2"],"_links":{"self":[{"href":"http:\/\/spitaldinkelscherben.de\/index.php?rest_route=\/wp\/v2\/posts\/1912","targetHints":{"allow":["GET"]}}],"collection":[{"href":"http:\/\/spitaldinkelscherben.de\/index.php?rest_route=\/wp\/v2\/posts"}],"about":[{"href":"http:\/\/spitaldinkelscherben.de\/index.php?rest_route=\/wp\/v2\/types\/post"}],"author":[{"embeddable":true,"href":"http:\/\/spitaldinkelscherben.de\/index.php?rest_route=\/wp\/v2\/users\/1"}],"replies":[{"embeddable":true,"href":"http:\/\/spitaldinkelscherben.de\/index.php?rest_route=%2Fwp%2Fv2%2Fcomments&post=1912"}],"version-history":[{"count":4,"href":"http:\/\/spitaldinkelscherben.de\/index.php?rest_route=\/wp\/v2\/posts\/1912\/revisions"}],"predecessor-version":[{"id":1942,"href":"http:\/\/spitaldinkelscherben.de\/index.php?rest_route=\/wp\/v2\/posts\/1912\/revisions\/1942"}],"wp:featuredmedia":[{"embeddable":true,"href":"http:\/\/spitaldinkelscherben.de\/index.php?rest_route=\/wp\/v2\/media\/1919"}],"wp:attachment":[{"href":"http:\/\/spitaldinkelscherben.de\/index.php?rest_route=%2Fwp%2Fv2%2Fmedia&parent=1912"}],"wp:term":[{"taxonomy":"category","embeddable":true,"href":"http:\/\/spitaldinkelscherben.de\/index.php?rest_route=%2Fwp%2Fv2%2Fcategories&post=1912"},{"taxonomy":"post_tag","embeddable":true,"href":"http:\/\/spitaldinkelscherben.de\/index.php?rest_route=%2Fwp%2Fv2%2Ftags&post=1912"}],"curies":[{"name":"wp","href":"https:\/\/api.w.org\/{rel}","templated":true}]}}