{"id":1949,"date":"2021-07-15T11:38:50","date_gmt":"2021-07-15T11:38:50","guid":{"rendered":"https:\/\/spitaldinkelscherben.de\/?p=1949"},"modified":"2021-07-15T11:40:52","modified_gmt":"2021-07-15T11:40:52","slug":"jahreshauptversammlung-mit-neuwahlen","status":"publish","type":"post","link":"http:\/\/spitaldinkelscherben.de\/?p=1949","title":{"rendered":"Jahreshauptversammlung mit Neuwahlen"},"content":{"rendered":"\n<p><strong>Am <u>MONTAG, 02. AUGUST 2021, 19.00 Uhr<\/u>, findet unsere diesj\u00e4hrige Jahreshauptversammlung auf dem Gel\u00e4nde (Freigel\u00e4nde + \u00fcberdachte Bahn) der TSV-Stocksch\u00fctzen in Dinkelscherben (Burggasse 100) statt. Einlass ist ab 18.00 Uhr.<\/strong><\/p>\n\n\n\n<p><strong><u>Tagesordnung:<\/u><\/strong><\/p>\n\n\n\n<ol class=\"wp-block-list\" type=\"1\"><li>Begr\u00fc\u00dfung durch den Vorstand<\/li><li>Genehmigung der Tagesordnung<\/li><li>Totengedenken<\/li><li>Berichte: (zusammengefasst aus 2019 und 2020)<ol><li>des Vorstandes<\/li><\/ol><ol><li>der Vorst\u00e4nde der Hospitalstiftung<\/li><\/ol><ol><li>des Schriftf\u00fchrers<\/li><\/ol><ol><li>des Kassierers<\/li><\/ol><ol><li>der Kassenpr\u00fcfer<\/li><\/ol><\/li><li>Entlastung der Vorstandschaft<\/li><li><strong>Satzungs\u00e4nderungen<\/strong><\/li><\/ol>\n\n\n\n<ul class=\"wp-block-list\"><li>\u00a7 5 (Mitgliedsbeitr\u00e4ge)<ul><li><strong><em><u>Text derzeit:<\/u><\/em><\/strong><\/li><\/ul><\/li><\/ul>\n\n\n\n<p>Von den Mitgliedern werden Beitr\u00e4ge erhoben. Der Beitrag wird vom Kassierer\/in erhoben, dies erfolgt im 1. Quartal des laufenden Jahres. Beim Vereinseintritt wird der Betrag sofort nach Aufnahme f\u00fcr das laufende Jahr erhoben.<\/p>\n\n\n\n<p>Bei der Aufnahme w\u00e4hrend eines laufenden Jahres muss der volle Jahresbeitrag bezahlt werden. Die H\u00f6he des Jahresbeitrages wird von der Mitgliederversammlung bestimmt.<\/p>\n\n\n\n<ul class=\"wp-block-list\"><li><strong><em><u>Text NEU:<\/u><\/em><\/strong><\/li><\/ul>\n\n\n\n<p>Von den Mitgliedern werden Beitr\u00e4ge erhoben. Der Beitrag wird vom Schatzmeister erhoben, dies erfolgt am 16.05. jeden Jahres. <s><u>Beim Vereinseintritt wird der Betrag sofort nach Aufnahme f\u00fcr das laufende Jahr erhoben.<\/u><\/s><\/p>\n\n\n\n<p>Mitgliederbeitr\u00e4ge von Mitgliedern, die unterj\u00e4hrig zwischen dem 01.05. und 01.12. beitreten, werden mit vollem Jahresbeitrag gesammelt per 16.12. eingezogen.<\/p>\n\n\n\n<p>Die H\u00f6he des Jahresbeitrages wird von der Mitgliederversammlung bestimmt.<\/p>\n\n\n\n<ul class=\"wp-block-list\"><li>\u00a7 7 (Vorstand)<\/li><li><strong><em><u>Text derzeit:<\/u><\/em><\/strong><\/li><\/ul>\n\n\n\n<p>Der Vorstand des Vereins besteht aus dem 1. \u2013 3. Vorsitzenden, dem Schriftf\u00fchrer, dem stellvertretenden Schriftf\u00fchrer und den beiden Kassierern.<\/p>\n\n\n\n<p>Der Verein wird gerichtlich und au\u00dfergerichtlich durch den 1. bzw. 2. oder 3. Vorsitzenden vertreten. Jeder von ihnen ist mit einem weiteren Vorstandsmitglied allein vertretungsbefugt.<\/p>\n\n\n\n<p>Die T\u00e4tigkeit im Vorstand wird ehrenamtlich ausge\u00fcbt.<\/p>\n\n\n\n<ul class=\"wp-block-list\"><li><strong><em><u>Text Erg\u00e4nzung:<\/u><\/em><\/strong><\/li><\/ul>\n\n\n\n<p>Grunds\u00e4tzlich f\u00fchrt der 1. Vorsitzende die Gesch\u00e4fte des Vereins.<\/p>\n\n\n\n<p>Im Innenverh\u00e4ltnis gilt, dass Gesch\u00e4fte mit einem Gesch\u00e4ftswert von mehr als 10.000 Euro f\u00fcr den Einzelfall der Zustimmung der Mehrheit des gesamten Vorstandes bedarf.<\/p>\n\n\n\n<p>Gesch\u00e4fte bis 9.999,99 Euro kann der 1. Vorsitzende allein anweisen.<\/p>\n\n\n\n<p>\u00a7 14 (Die Einberufung der Mitgliederversammlung)<\/p>\n\n\n\n<ol class=\"wp-block-list\" type=\"a\"><li><strong><em><u>Text derzeit:<\/u><\/em><\/strong><\/li><\/ol>\n\n\n\n<p>Mindestens einmal im Jahr soll die ordentliche Mitgliederversammlung stattfinden. Sie wird vom Vorstand unter Einhaltung einer Frist von zwei Wochen schriftlich unter Angabe der Tagesordnung einberufen. Die Frist beginnt mit dem auf die Absendung des Einladungsschreibens folgenden Tag.<\/p>\n\n\n\n<p>Das Einladungsschreiben gilt dem Mitglied als zugegangen, wenn es an die letzte vom Mitglied dem Verein schriftlich bekanntgegebene Adresse gerichtet ist. Die Tagesordnung setzt der Vorstand fest.<\/p>\n\n\n\n<ul class=\"wp-block-list\"><li><strong><em><u>Text NEU:<\/u><\/em><\/strong><\/li><\/ul>\n\n\n\n<p>Mindestens einmal im Jahr soll die ordentliche Mitgliederversammlung stattfinden. Sie wird vom Vorstand unter Einhaltung einer Frist von zwei Wochen <s>schriftlich<\/s> unter Angabe der Tagesordnung einberufen.<\/p>\n\n\n\n<p>Eingeladen werden die Mitglieder der umliegenden Gemeinden und den dazugeh\u00f6rigen Ortsteilen durch Ver\u00f6ffentlichung der Einladung unter Angabe der Tagesordnung in den jeweiligen amtlichen Mitteilungsbl\u00e4ttern (z.B. \u201eDie Reischenau\u201c [Dinkelscherben] oder \u201eDer Marktbote\u201c [Zusmarshausen]) oder durch schriftliche Einladung per Post oder E-Mail.<\/p>\n\n\n\n<p>Die Mitglieder <strong>au\u00dferhalb<\/strong> der Einzugsbereiche der amtlichen Mitteilungsbl\u00e4tter werden durch schriftliche Einladung per Post oder E-Mail eingeladen.<\/p>\n\n\n\n<p>Die Frist beginnt mit dem auf die Absendung des Einladungsschreibens folgenden Tag.<\/p>\n\n\n\n<p><s>Das Einladungsschreiben gilt dem Mitglied als zugegangen, wenn es an die letzte vom Mitglied dem Verein schriftlich bekanntgegebene Adresse gerichtet ist.<\/s><\/p>\n\n\n\n<p>Die Tagesordnung setzt der Vorstand fest.<\/p>\n\n\n\n<ul class=\"wp-block-list\"><li><strong>NEUWAHL der Vorstandschaft<\/strong><ul><li>1.&nbsp; + 2.&nbsp; + 3. Vorsitzende(r)<\/li><\/ul><ul><li>Schriftf\u00fchrer\/in und stellvertretende(r) Schriftf\u00fchrer\/in<\/li><\/ul><ul><li>2 x&nbsp; Kassierer\/in<\/li><\/ul><\/li><\/ul>\n\n\n\n<ul class=\"wp-block-list\"><li>Sonstige Berichte<\/li><li>Verschiedenes, W\u00fcnsche, Antr\u00e4ge<\/li><\/ul>\n\n\n\n<p>Schriftliche Antr\u00e4ge sind bis sp\u00e4testens Samstag, 24.07.2021, beim 1. Vorstand, Josef Guggemos, Spitalgasse 2, 86424 Dinkelscherben oder per E-Mail an <a href=\"mailto:info@hospital-dinkelscherben.de\">info@hospital-dinkelscherben.de<\/a> einzureichen.<\/p>\n","protected":false},"excerpt":{"rendered":"<p>Am MONTAG, 02. AUGUST 2021, 19.00 Uhr, findet unsere diesj\u00e4hrige Jahreshauptversammlung auf dem Gel\u00e4nde (Freigel\u00e4nde + \u00fcberdachte Bahn) der TSV-Stocksch\u00fctzen in Dinkelscherben (Burggasse 100) statt. Einlass ist ab 18.00 Uhr. Tagesordnung: Begr\u00fc\u00dfung durch den Vorstand Genehmigung der Tagesordnung Totengedenken Berichte:&hellip;<\/p>\n","protected":false},"author":990003,"featured_media":1906,"comment_status":"closed","ping_status":"closed","sticky":true,"template":"","format":"standard","meta":{"footnotes":""},"categories":[41],"tags":[],"class_list":["post-1949","post","type-post","status-publish","format-standard","has-post-thumbnail","hentry","category-neuigkeiten-2"],"_links":{"self":[{"href":"http:\/\/spitaldinkelscherben.de\/index.php?rest_route=\/wp\/v2\/posts\/1949","targetHints":{"allow":["GET"]}}],"collection":[{"href":"http:\/\/spitaldinkelscherben.de\/index.php?rest_route=\/wp\/v2\/posts"}],"about":[{"href":"http:\/\/spitaldinkelscherben.de\/index.php?rest_route=\/wp\/v2\/types\/post"}],"author":[{"embeddable":true,"href":"http:\/\/spitaldinkelscherben.de\/index.php?rest_route=\/wp\/v2\/users\/990003"}],"replies":[{"embeddable":true,"href":"http:\/\/spitaldinkelscherben.de\/index.php?rest_route=%2Fwp%2Fv2%2Fcomments&post=1949"}],"version-history":[{"count":2,"href":"http:\/\/spitaldinkelscherben.de\/index.php?rest_route=\/wp\/v2\/posts\/1949\/revisions"}],"predecessor-version":[{"id":1951,"href":"http:\/\/spitaldinkelscherben.de\/index.php?rest_route=\/wp\/v2\/posts\/1949\/revisions\/1951"}],"wp:featuredmedia":[{"embeddable":true,"href":"http:\/\/spitaldinkelscherben.de\/index.php?rest_route=\/wp\/v2\/media\/1906"}],"wp:attachment":[{"href":"http:\/\/spitaldinkelscherben.de\/index.php?rest_route=%2Fwp%2Fv2%2Fmedia&parent=1949"}],"wp:term":[{"taxonomy":"category","embeddable":true,"href":"http:\/\/spitaldinkelscherben.de\/index.php?rest_route=%2Fwp%2Fv2%2Fcategories&post=1949"},{"taxonomy":"post_tag","embeddable":true,"href":"http:\/\/spitaldinkelscherben.de\/index.php?rest_route=%2Fwp%2Fv2%2Ftags&post=1949"}],"curies":[{"name":"wp","href":"https:\/\/api.w.org\/{rel}","templated":true}]}}