{"id":1987,"date":"2021-10-03T09:56:56","date_gmt":"2021-10-03T09:56:56","guid":{"rendered":"https:\/\/spitaldinkelscherben.de\/?p=1987"},"modified":"2021-10-03T09:56:58","modified_gmt":"2021-10-03T09:56:58","slug":"ehrenamtspreistraeger-2021-im-bezirk-schwaben","status":"publish","type":"post","link":"http:\/\/spitaldinkelscherben.de\/?p=1987","title":{"rendered":"Ehrenamtspreistr\u00e4ger 2021 im Bezirk Schwaben"},"content":{"rendered":"\n<p><strong>Ausgezeichnet: Ehrenamtspreistr\u00e4ger 2021 der Versicherungskammer Stiftung im Bezirk Schwaben<\/strong><\/p>\n\n\n\n<p><em>Beispielhaftes Projekt aus Dinkelscherben mit 5.000 Euro pr\u00e4miert<\/em><\/p>\n\n\n\n<p>Am 01.10. erfolgte durch die Gesch\u00e4ftsf\u00fchrerin der Versicherungskammer Stiftung, Frau Isabel Stier, die mit 5.000 \u20ac dotierte \u00dcbergabe des Ehrenamtspreises 2021 der Versicherungskammer Stiftung im Bezirk Schwaben. Im Rahmen einer kleinen Feierstunde und im Beisein vieler sehr aktiven Mitglieder des F\u00f6rdervereins konnte Frau Stier den Preis an den 1. Vorsitzenden des F\u00f6rdervereins, Herrn Josef Guggemos, sowie an den Vorstand der Hospitalstiftung Dinkelscherben, Bgm. Edgar Kalb und die Leiterin der beiden Seniorenheime in Dinkelscherben und Zusmarshausen, Frau Katrin Stark, \u00fcberreichen.<\/p>\n\n\n\n<p>Frau Stier zeigte sich begeistert \u00fcber das Engagement und die Leistungen der Mitglieder des F\u00f6rdervereins.<\/p>\n\n\n\n<p>Gesucht wurde unter dem Motto \u201eStadt \u2212 Land \u2212 Lebenswert\u201c nach Initiativen und Projekten in Bayern und der Pfalz, die durch das erfolgreiche Zusammenwirken von Ehrenamt und Kommune die Lebensqualit\u00e4t und -situation vor Ort st\u00e4rken und verbessern. In allen Regierungsbezirk in Bayern und in der Region Pfalz wurden jeweils zwei Kategorien mit je 5.000 Euro ausgeschrieben. Die Jury w\u00e4hlte aus \u00fcber 200 Bewerbungen die Preistr\u00e4ger aus. Der Jury fiel die schwere Aufgabe zu, zwei Gewinner auszuw\u00e4hlen: Sie erhalten nun jeweils 5.000 Euro zur weiteren Verwirklichung ihrer Ideen f\u00fcr ein lebenswertes Miteinander vor Ort.<\/p>\n\n\n\n<p>Das Projekt \u201e<strong>Erhalt des Seniorenheims des Hospitalstiftung Dinkelscherben\u201c<\/strong>, eingereicht vom <strong>Markt Dinkelscherben<\/strong> in Zusammenarbeit mit dem <strong>F\u00f6rderverein B\u00fcndnis Hospital-Dinkelscherben-Zusmarshausen e.V<\/strong>. begeisterte die Jury. Dieses Projekt, vorrangig getragen vom F\u00f6rderverein, zielt darauf ab, die Altenhilfe lokal zu f\u00f6rdern etwa durch finanzielle Unterst\u00fctzung der Hospitalstiftung, die praktische Mitarbeit in der Hospitalstiftung, den Dialog mit den Mitarbeitenden, sowie die Erarbeitung von Konzepten und Zukunftsplanungen mit den Verantwortlichen von Staat und Kirche. Gleichsam sind die \u00d6ffentlichkeitsarbeit und der gesellschaftliche Dialog durch Aktionen und Veranstaltungen ein wichtiger Bestandteil des Engagements. Beispielhaft setzen sich hier B\u00fcrger*innen im Rahmen eines F\u00f6rdervereins in Eigengestaltung f\u00fcr den Erhalt und Betrieb des Altersruhesitzes vor Ort ein: Zu den Aktivit\u00e4ten z\u00e4hlen bislang beispielsweise die Entr\u00fcmpelung und der Verkauf der Dachb\u00f6den(-inhalte), die Erneuerung der Innenh\u00f6fe, die Pflege der Au\u00dfenanlagen, der vorschriftsgerechte Umbau von 24 Zimmern, zahlreiche Benefiz-Veranstaltungen sowie die Etablierung eines Spital-Caf\u00e9s im Seniorenheim Dinkelscherben. Im n\u00e4chsten Schritt m\u00f6chte sich der Verein nun daf\u00fcr einsetzen, qualifizierte Pflege und Betreuung zu erhalten, die Aus- und Weiterbildung zu f\u00f6rdern und Arbeitspl\u00e4tze zu sichern und zu schaffen.<\/p>\n\n\n\n<div class=\"alignnormal\"><div id=\"metaslider-id-1932\" style=\"width: 100%;\" class=\"ml-slider-3-108-0 metaslider metaslider-responsive metaslider-1932 ml-slider has-dots-nav ms-theme-default\" role=\"region\" aria-label=\"Ehrenamtspreistr\u00e4ger 2021 im Bezirk Schwaben\" data-height=\"667\" data-width=\"1000\">\n    <div id=\"metaslider_container_1932\">\n        <ul id='metaslider_1932' class='rslides'>\n            <li aria-roledescription='slide' aria-labelledby='slide-0'><img loading=\"lazy\" decoding=\"async\" src=\"https:\/\/spitaldinkelscherben.de\/wp-content\/uploads\/2021\/10\/Preistraeger_Stark-Kalb-Gugg_-und-Frau-Stier-3-scaled-1000x667.jpg\" height=\"667\" width=\"1000\" alt=\"\" class=\"slider-1932 slide-1995 msDefaultImage\" title=\"Preistr\u00e4ger_Stark-Kalb-Gugg_ und Frau Stier-3\" \/><\/li>\n            <li style='display: none;' aria-roledescription='slide' aria-labelledby='slide-1'><img loading=\"lazy\" decoding=\"async\" src=\"https:\/\/spitaldinkelscherben.de\/wp-content\/uploads\/2021\/10\/Preisverleihung-1000x667.jpg\" height=\"667\" width=\"1000\" alt=\"\" class=\"slider-1932 slide-1996 msDefaultImage\" title=\"Preisverleihung\" \/><\/li>\n            <li style='display: none;' aria-roledescription='slide' aria-labelledby='slide-2'><img loading=\"lazy\" decoding=\"async\" src=\"https:\/\/spitaldinkelscherben.de\/wp-content\/uploads\/2021\/10\/Preisverleihung_3-320x213.jpg\" height=\"667\" width=\"1000\" alt=\"\" class=\"slider-1932 slide-1997 msDefaultImage\" title=\"Preisverleihung_3\" \/><\/li>\n            <li style='display: none;' aria-roledescription='slide' aria-labelledby='slide-3'><img loading=\"lazy\" decoding=\"async\" src=\"https:\/\/spitaldinkelscherben.de\/wp-content\/uploads\/2021\/10\/Preistraeger_Stark-Kalb-Gugg_-und-Frau-Stier-scaled-1000x667.jpg\" height=\"667\" width=\"1000\" alt=\"\" class=\"slider-1932 slide-1998 msDefaultImage\" title=\"Preistr\u00e4ger_Stark-Kalb-Gugg_ und Frau Stier\" \/><\/li>\n            <li style='display: none;' aria-roledescription='slide' aria-labelledby='slide-4'><img loading=\"lazy\" decoding=\"async\" src=\"https:\/\/spitaldinkelscherben.de\/wp-content\/uploads\/2021\/10\/BuendnisMitglieder-und-Preis-scaled-1000x667.jpg\" height=\"667\" width=\"1000\" alt=\"\" class=\"slider-1932 slide-1999 msDefaultImage\" title=\"B\u00fcndnisMitglieder und Preis\" \/><\/li>\n        <\/ul>\n        \n    <\/div>\n<\/div><\/div>\n","protected":false},"excerpt":{"rendered":"<p>Ausgezeichnet: Ehrenamtspreistr\u00e4ger 2021 der Versicherungskammer Stiftung im Bezirk Schwaben Beispielhaftes Projekt aus Dinkelscherben mit 5.000 Euro pr\u00e4miert Am 01.10. erfolgte durch die Gesch\u00e4ftsf\u00fchrerin der Versicherungskammer Stiftung, Frau Isabel Stier, die mit 5.000 \u20ac dotierte \u00dcbergabe des Ehrenamtspreises 2021 der Versicherungskammer&hellip;<\/p>\n","protected":false},"author":990003,"featured_media":1991,"comment_status":"closed","ping_status":"closed","sticky":false,"template":"","format":"standard","meta":{"footnotes":""},"categories":[45,41],"tags":[],"class_list":["post-1987","post","type-post","status-publish","format-standard","has-post-thumbnail","hentry","category-fotos","category-neuigkeiten-2"],"_links":{"self":[{"href":"http:\/\/spitaldinkelscherben.de\/index.php?rest_route=\/wp\/v2\/posts\/1987","targetHints":{"allow":["GET"]}}],"collection":[{"href":"http:\/\/spitaldinkelscherben.de\/index.php?rest_route=\/wp\/v2\/posts"}],"about":[{"href":"http:\/\/spitaldinkelscherben.de\/index.php?rest_route=\/wp\/v2\/types\/post"}],"author":[{"embeddable":true,"href":"http:\/\/spitaldinkelscherben.de\/index.php?rest_route=\/wp\/v2\/users\/990003"}],"replies":[{"embeddable":true,"href":"http:\/\/spitaldinkelscherben.de\/index.php?rest_route=%2Fwp%2Fv2%2Fcomments&post=1987"}],"version-history":[{"count":1,"href":"http:\/\/spitaldinkelscherben.de\/index.php?rest_route=\/wp\/v2\/posts\/1987\/revisions"}],"predecessor-version":[{"id":2000,"href":"http:\/\/spitaldinkelscherben.de\/index.php?rest_route=\/wp\/v2\/posts\/1987\/revisions\/2000"}],"wp:featuredmedia":[{"embeddable":true,"href":"http:\/\/spitaldinkelscherben.de\/index.php?rest_route=\/wp\/v2\/media\/1991"}],"wp:attachment":[{"href":"http:\/\/spitaldinkelscherben.de\/index.php?rest_route=%2Fwp%2Fv2%2Fmedia&parent=1987"}],"wp:term":[{"taxonomy":"category","embeddable":true,"href":"http:\/\/spitaldinkelscherben.de\/index.php?rest_route=%2Fwp%2Fv2%2Fcategories&post=1987"},{"taxonomy":"post_tag","embeddable":true,"href":"http:\/\/spitaldinkelscherben.de\/index.php?rest_route=%2Fwp%2Fv2%2Ftags&post=1987"}],"curies":[{"name":"wp","href":"https:\/\/api.w.org\/{rel}","templated":true}]}}