{"id":1971,"date":"2021-08-12T12:37:38","date_gmt":"2021-08-12T12:37:38","guid":{"rendered":"https:\/\/spitaldinkelscherben.de\/?p=1971"},"modified":"2021-08-12T12:37:40","modified_gmt":"2021-08-12T12:37:40","slug":"jahreshauptversammlung-mit-neuwahlen-vom-02-08-2021-stichwortprotokoll","status":"publish","type":"post","link":"https:\/\/spitaldinkelscherben.de\/?p=1971","title":{"rendered":"Jahreshauptversammlung mit Neuwahlen vom 02.08.2021  &#8211;> Stichwortprotokoll"},"content":{"rendered":"\n<p><strong><u>Jahreshauptversammlung mit Neuwahlen vom Montag, 02.08.2021<\/u><\/strong><\/p>\n\n\n\n<p>Tag:&nbsp; Montag, 02.08.2021<\/p>\n\n\n\n<p>Ort:\u00a0\u00a0 Dinkelscherben, Burggasse 100, TSV-Stocksch\u00fctzengel\u00e4nde<\/p>\n\n\n\n<p>Zeit:&nbsp; 19.00 Uhr&nbsp;&nbsp;&nbsp; Ende: 21.45 Uhr<\/p>\n\n\n\n<p>Die JHV konnte vor der gro\u00dfartigen Kulisse von fast 100 Personen (93 Mitgliedern und 2 G\u00e4sten) abgehalten werden.<\/p>\n\n\n\n<p><strong><u><strong><u>Ablauf JHV:<\/u><\/strong><\/u><\/strong><\/p>\n\n\n\n<ol class=\"wp-block-list\" type=\"1\"><li>Begr\u00fc\u00dfung durch den Vorstand Josef Guggemos, welcher 93 wahlberechtigte Mitglieder und 2 G\u00e4ste begr\u00fc\u00dfen konnte<\/li><li>Genehmigung der Tagesordnung  &#8211;> die TO wurde einstimmig von den Anwesenden genehmig<\/li><li>Totengedenken  &#8211;> den Verstorbenen wurde die Ehre erweisen<\/li><li>Berichte:<\/li><\/ol>\n\n\n\n<p>Berichte:<\/p>\n\n\n\n<p>des Vorstandes:<\/p>\n\n\n\n<ul class=\"wp-block-list\"><li>DANK an alle Mitglieder des F\u00f6rdervereins, allen Unterst\u00fctzern (Firmen, Vereinen, F\u00f6rderern, Helfer<\/li><li>Gro\u00dfes DANKESCH\u00d6N an ALLE Mitarbeiter beider H\u00e4user<\/li><li>FV hat\/sucht Kontakt zu ALLEN demokratischen politischen Parteien\/Gruppierungen im Landkreis<\/li><li>Erhebliche finanzielle Unterst\u00fctzung der Hospitalstiftung<\/li><li>Unterst\u00fctzungs- und Umbauma\u00dfnahmen seit 2019<ul><li>Innenh\u00f6fe Dinkelscherben und Zusmarshausen<\/li><\/ul><ul><li>Entr\u00fcmpelung Dachb\u00f6den<\/li><\/ul><ul><li>Fl\u00fcgel -A- Dinkelscherben<\/li><\/ul><ul><li>Derzeit Fl\u00fcgel -C- Dinkelscherben<\/li><\/ul><ul><li>Telefonanlage in Dinkel und Zus<\/li><\/ul><ul><li>und und und!! <\/li><\/ul><\/li><\/ul>\n\n\n\n<p>der Vorst\u00e4nde der Hospitalstiftung<\/p>\n\n\n\n<p>Bgm. Kalb:<\/p>\n\n\n\n<ul class=\"wp-block-list\"><li>FV hat mittlerweile schon \u00fcber 350.000 \u20ac Spendengelder an die Hospitalstiftung \u00fcberwiesen!<\/li><li>Arbeitsleistung der Helfer ist wahnsinnig<\/li><li>Hospitalstiftung steht auf 3 St\u00fctzen:<\/li><li>Personal (TOLLES Personal!!)<\/li><li>F\u00f6rderverein (ALLES ehrenamtlich)<\/li><li>Verwaltungsausschuss (auch ehrenamtlich)<\/li><\/ul>\n\n\n\n<p>Bgm. Uhl:<\/p>\n\n\n\n<ul class=\"wp-block-list\"><li>FV ist vorbildlich<\/li><li>Vorsitzender Josef Guggemos ist \u201eDER Frontmann\u201c<\/li><li>DANKE an FV<\/li><\/ul>\n\n\n\n<p><\/p>\n\n\n\n<p><\/p>\n\n\n\n<ul class=\"wp-block-list\"><li>Bericht des Schriftf\u00fchrers<ul><li>aufgrund Corona nur wenig Treffen\/Sitzungen<\/li><\/ul><ul><li>Schriftf\u00fchrer arbeitet nicht allen! Es gibt praktisch ein \u201eMedienteam\u201c (u.a. Kalb Michael, Jelting Harald, Singl Michael, Holand Peter, Spatz Willi, Maier Michael), das sich um die Darstellung des FV \u201enach au\u00dfen\u201c [Homepage; Presse- und Medienver\u00f6ffentlichungen) k\u00fcmmert<\/li><\/ul><ul><li>Beispielhaftes Aufzeigen der geleisteten Arbeit einiger FAN-Gruppen<ul><li>Gesamtstunden Umbau Fl\u00fcgel -C- in 2021 (NUR Juni-Juli):<ul><li>\u00fcber 630 h entspricht 79 Arbeitstagen!<\/li><\/ul><\/li><\/ul><ul><li>Spitalgarten (Dinkelscherben) 1. Halbjahr 2021:<ul><li>\u00fcber 250 h<\/li><\/ul><\/li><\/ul><ul><li>Telefon- und Besucherdienst in 2021 f\u00fcr Zusmarshausen:<ul><li>\u00fcber 770 h; entspricht 97 AT<\/li><\/ul><\/li><\/ul><\/li><\/ul><\/li><\/ul>\n\n\n\n<ul class=\"wp-block-list\"><li>Bericht des Kassierers<ul><li>\u00dcbersicht \u00fcber Einnahmen und Ausgaben in 2019 und 2020<\/li><\/ul><ul><li>Darstellung der geleisteten Spenden an Hospitalstiftung<\/li><\/ul><ul><li>Dank an alle Mitglieder und Unterst\u00fctzer<\/li><\/ul><ul><li>Derzeitiger Mitgliederstand: 1322<\/li><\/ul><\/li><\/ul>\n\n\n\n<p><\/p>\n\n\n\n<ul class=\"wp-block-list\"><li>Bericht der Kassenpr\u00fcfer<ul><li>Kassenpr\u00fcfungen erfolgten am 19.03.2020 und am 20.04.2021<\/li><\/ul><ul><li>Stichprobenartige Pr\u00fcfung Belege<\/li><\/ul><ul><li>Sehr ordentliche und gewissenhafte Buchf\u00fchrung<\/li><\/ul><\/li><\/ul>\n\n\n\n<ul class=\"wp-block-list\"><li>Satzungs\u00e4nderung<\/li><\/ul>\n\n\n\n<p><strong>S\u00e4mtliche erforderliche Satzungs\u00e4nderungen<\/strong>, welche durch Paul Schreiber noch mal der Versammlung vorgelesen wurde, <strong><u>wurden einstimmig angenommen\/best\u00e4tigt<\/u><\/strong>.<\/p>\n\n\n\n<ul class=\"wp-block-list\"><li><strong><u>NEUWAHL der Vorstandschaft<\/u><\/strong><\/li><\/ul>\n\n\n\n<p>Eine hochkar\u00e4tig besetzte Wahlkommission (Kreisr\u00e4te Hubert Kraus\/Zusmarshausen und Peter Kraus Dinkelscherben, sowie die beiden B\u00fcrgermeister Uhl\/Zusmarshausen und Kalb\/Dinkelscherben f\u00fchrte souver\u00e4n die Neuwahl der Vorstandschaft durch.<\/p>\n\n\n\n<p>Als Wahlleiter fungierte Bgm. Edgar Kalb.<\/p>\n\n\n\n<p>Die -3- Vorsitzenden wurden in geheimer und schriftlicher Wahl gew\u00e4hlt; die \u00fcbrigen Positionen per Handzeichen\/Akklamation.<\/p>\n\n\n\n<p>Ergebnisse der Wahlen:<\/p>\n\n\n\n<p>S\u00e4mtliche Vorstandmitglieder wurden quasi einstimmig von den 93 wahlberechtigten Anwesenden gew\u00e4hlt.<\/p>\n\n\n\n<p>1. Vorsitzender:\u00a0\u00a0\u00a0\u00a0\u00a0\u00a0\u00a0\u00a0\u00a0\u00a0\u00a0\u00a0\u00a0\u00a0\u00a0\u00a0\u00a0\u00a0\u00a0\u00a0 Josef Guggemos, Dinkelscherben\u00a0\u00a0\u00a0\u00a0\u00a0\u00a0\u00a0\u00a0\u00a0\u00a0\u00a0\u00a0\u00a0\u00a0\u00a0\u00a0\u00a0<\/p>\n\n\n\n<p>2. Vorsitzender:\u00a0\u00a0\u00a0\u00a0\u00a0\u00a0\u00a0\u00a0\u00a0\u00a0\u00a0\u00a0\u00a0\u00a0\u00a0\u00a0\u00a0\u00a0\u00a0\u00a0 Robert Steppich, Dinkelscherben<\/p>\n\n\n\n<p>3. Vorsitzender:\u00a0\u00a0\u00a0\u00a0\u00a0\u00a0\u00a0\u00a0\u00a0\u00a0\u00a0\u00a0\u00a0\u00a0\u00a0\u00a0\u00a0\u00a0\u00a0\u00a0 Michael Maier, Dinkelscherben<\/p>\n\n\n\n<p>Schriftf\u00fchrer:\u00a0\u00a0\u00a0\u00a0\u00a0\u00a0\u00a0\u00a0\u00a0\u00a0\u00a0\u00a0\u00a0\u00a0\u00a0\u00a0\u00a0\u00a0\u00a0\u00a0\u00a0\u00a0\u00a0\u00a0 Christian Schubert, Dinkelscherben<\/p>\n\n\n\n<p>Schriftf\u00fchrerin:\u00a0\u00a0\u00a0\u00a0\u00a0\u00a0\u00a0\u00a0\u00a0\u00a0\u00a0\u00a0\u00a0\u00a0\u00a0\u00a0\u00a0\u00a0\u00a0\u00a0\u00a0 Gerda Heichele, Dinkelscherben<\/p>\n\n\n\n<p>Kassiererin:\u00a0\u00a0\u00a0\u00a0\u00a0\u00a0\u00a0\u00a0\u00a0\u00a0\u00a0\u00a0\u00a0\u00a0\u00a0\u00a0\u00a0\u00a0\u00a0\u00a0\u00a0\u00a0\u00a0\u00a0\u00a0\u00a0\u00a0 Irene Hegele, Zusmarshausen<\/p>\n\n\n\n<p>Kassierer\u00a0\u00a0\u00a0\u00a0\u00a0\u00a0\u00a0\u00a0\u00a0\u00a0\u00a0\u00a0\u00a0\u00a0\u00a0\u00a0\u00a0\u00a0\u00a0\u00a0\u00a0\u00a0\u00a0\u00a0\u00a0\u00a0\u00a0\u00a0\u00a0\u00a0\u00a0 Paul Schreiber, Dinkelscherben<\/p>\n\n\n\n<p>Kassenpr\u00fcfer:\u00a0\u00a0\u00a0\u00a0\u00a0\u00a0\u00a0\u00a0\u00a0\u00a0\u00a0\u00a0\u00a0\u00a0\u00a0\u00a0\u00a0\u00a0\u00a0\u00a0\u00a0\u00a0\u00a0\u00a0 Martin Haslinger, Dinkelscherben<\/p>\n\n\n\n<p>Kassenpr\u00fcfer:\u00a0\u00a0\u00a0\u00a0\u00a0\u00a0\u00a0\u00a0\u00a0\u00a0\u00a0\u00a0\u00a0\u00a0\u00a0\u00a0\u00a0\u00a0\u00a0\u00a0\u00a0\u00a0\u00a0\u00a0 Erwin H\u00f6rmann, Zusmarshausen<\/p>\n\n\n\n<ul class=\"wp-block-list\"><li>Sonstige Berichte<\/li><\/ul>\n\n\n\n<p>Durch die beiden Vorsitzenden Josef Guggemos und Robert Steppich wurde w\u00e4hrend der Jahreshauptversammlung immer wieder die sehr gute Zusammenarbeit mit den politischen Gemeinden Dinkelscherben und Zusmarshausen, der Hospitalstiftung, den Mitarbeitern in beiden H\u00e4usern, ALLEN Unterst\u00fctzern, Helfern, F\u00f6rderern und Spendern aufgezeigt. Vielen herzlichen DANK!<\/p>\n\n\n\n<ul class=\"wp-block-list\"><li>Verschiedenes, W\u00fcnsche, Antr\u00e4ge<\/li><\/ul>\n\n\n\n<p>-keine-<\/p>\n","protected":false},"excerpt":{"rendered":"<p>Jahreshauptversammlung mit Neuwahlen vom Montag, 02.08.2021 Tag:&nbsp; Montag, 02.08.2021 Ort:\u00a0\u00a0 Dinkelscherben, Burggasse 100, TSV-Stocksch\u00fctzengel\u00e4nde Zeit:&nbsp; 19.00 Uhr&nbsp;&nbsp;&nbsp; Ende: 21.45 Uhr Die JHV konnte vor der gro\u00dfartigen Kulisse von fast 100 Personen (93 Mitgliedern und 2 G\u00e4sten) abgehalten werden. Ablauf JHV:&hellip;<\/p>\n","protected":false},"author":990003,"featured_media":1975,"comment_status":"closed","ping_status":"closed","sticky":false,"template":"","format":"standard","meta":{"footnotes":""},"categories":[41],"tags":[],"class_list":["post-1971","post","type-post","status-publish","format-standard","has-post-thumbnail","hentry","category-neuigkeiten-2"],"_links":{"self":[{"href":"https:\/\/spitaldinkelscherben.de\/index.php?rest_route=\/wp\/v2\/posts\/1971","targetHints":{"allow":["GET"]}}],"collection":[{"href":"https:\/\/spitaldinkelscherben.de\/index.php?rest_route=\/wp\/v2\/posts"}],"about":[{"href":"https:\/\/spitaldinkelscherben.de\/index.php?rest_route=\/wp\/v2\/types\/post"}],"author":[{"embeddable":true,"href":"https:\/\/spitaldinkelscherben.de\/index.php?rest_route=\/wp\/v2\/users\/990003"}],"replies":[{"embeddable":true,"href":"https:\/\/spitaldinkelscherben.de\/index.php?rest_route=%2Fwp%2Fv2%2Fcomments&post=1971"}],"version-history":[{"count":3,"href":"https:\/\/spitaldinkelscherben.de\/index.php?rest_route=\/wp\/v2\/posts\/1971\/revisions"}],"predecessor-version":[{"id":1979,"href":"https:\/\/spitaldinkelscherben.de\/index.php?rest_route=\/wp\/v2\/posts\/1971\/revisions\/1979"}],"wp:featuredmedia":[{"embeddable":true,"href":"https:\/\/spitaldinkelscherben.de\/index.php?rest_route=\/wp\/v2\/media\/1975"}],"wp:attachment":[{"href":"https:\/\/spitaldinkelscherben.de\/index.php?rest_route=%2Fwp%2Fv2%2Fmedia&parent=1971"}],"wp:term":[{"taxonomy":"category","embeddable":true,"href":"https:\/\/spitaldinkelscherben.de\/index.php?rest_route=%2Fwp%2Fv2%2Fcategories&post=1971"},{"taxonomy":"post_tag","embeddable":true,"href":"https:\/\/spitaldinkelscherben.de\/index.php?rest_route=%2Fwp%2Fv2%2Ftags&post=1971"}],"curies":[{"name":"wp","href":"https:\/\/api.w.org\/{rel}","templated":true}]}}